{
    "title": "El acceso restringido a los servicios de acogida en B\u00e9lgica pone en peligro la salud y la dignidad",
    "modified_at": "2026-04-23 13:46:04",
    "published_at": "2026-04-23 13:46:00",
    "url": "https://msf-spain.prezly.com/el-acceso-restringido-a-los-servicios-de-acogida-en-belgica-pone-en-peligro-la-salud-y-la-dignidad",
    "short_url": "http://prez.ly/s7Dd",
    "culture": "es_ES",
    "language": "ES",
    "subtitle": "Un informe de siete organizaciones muestra c\u00f3mo el endurecimiento de la pol\u00edtica de acogida genera problemas de salud, mayor sufrimiento psicol\u00f3gico y exclusi\u00f3n ",
    "slug": "el-acceso-restringido-a-los-servicios-de-acogida-en-belgica-pone-en-peligro-la-salud-y-la-dignidad",
    "body": "<p><em>Bruselas / Madrid, 23 de abril de 2026.-</em> <strong>Siete organizaciones</strong>: M&eacute;dicos Sin Fronteras, M&eacute;dicos del Mundo, Vluchtelingenwerk Vlaanderen, CIR&Eacute;, BelRefugees, C&aacute;ritas Internacional y el Hub Humanitario vuelven a dar la <strong>voz de alarma ante las consecuencias de la pol&iacute;tica de acogida en B&eacute;lgica</strong>. En un <a href=\"https://www.msf-azg.be/sites/default/files/2026-04/Rapport%20politique%20de%20non-accueil.pdf\"><strong>nuevo informe</strong></a><strong>,</strong> muestran c&oacute;mo <strong>el endurecimiento del acceso a la acogida desde 2025 contribuye </strong>directamente a generar <strong>problemas de salud</strong>, mayor <strong>sufrimiento psicol&oacute;gico</strong> y a la<strong> exclusi&oacute;n estructural</strong>. Desde un punto de vista m&eacute;dico-humanitario, la conclusi&oacute;n es inequ&iacute;voca: <strong>el acceso a la acogida es indisociable del acceso a la atenci&oacute;n sanitaria</strong>.</p><p>El <strong>estudio</strong>, que analiza el periodo comprendido entre julio y diciembre de 2025, pone de relieve las <strong>consecuencias directas de las decisiones tomadas por el Gobierno federal</strong> en el verano de 2025.</p><ul class=\"release-content-list release-content-list--bulleted release-content-list--align-inherit\"><li><span><a href=\"https://www.msf-azg.be/sites/default/files/2026-04/Rapport%20politique%20de%20non-accueil.pdf\" target=\"_blank\" rel=\"noreferrer noopener\">Informe en franc&eacute;s </a></span></li><li><span><a href=\"https://media.msf.org/Share/xt73ut2qp0h8mv06qi30h42l114r84y2\" target=\"_blank\" rel=\"noreferrer noopener\">Fotograf&iacute;as de los equipos de MSF en Bruselas </a></span></li></ul>\n    <figure\n        class=\"release-content-image release-content-image--contained release-content-image--align-center\"\n    >\n        <a class=\"release-content-image__link\"\n           id=\"image-95e8977c-fdf0-45ec-847c-e2a971156e0e\"\n           href=\"https://www.msf-azg.be/sites/default/files/2026-04/Rapport%20politique%20de%20non-accueil.pdf\"\n           data-id=\"95e8977c-fdf0-45ec-847c-e2a971156e0e\"\n           data-track=\"Story Image View\"\n           data-placement=\"content\"\n                            target=\"_blank\"\n                rel=\"noopener noreferrer\"\n                       style=\"width: 100%\"\n        >\n            <img\n                class=\"release-content-image__image\"\n                src=\"https://cdn.uc.assets.prezly.com/95e8977c-fdf0-45ec-847c-e2a971156e0e/-/format/auto/\"\n                alt=\"\"\n                            >\n        </a>\n        <figcaption class=\"release-content-image__caption\"></figcaption>\n    </figure>\n<p><strong>Una red de acogida de emergencia saturada</strong></p><p>Se ha superado un umbral cr&iacute;tico: adem&aacute;s de los hombres solos, ya excluidos masivamente de la red de acogida &mdash;A 1 de diciembre de 2025,<strong> 1.759 personas figuraban en una lista de espera para el sistema de acogida</strong>&mdash;, las mujeres solas y las familias con ni&ntilde;os tambi&eacute;n han acabado en la calle.</p><p>El <strong>62% de las solicitudes </strong>de alojamiento presentadas por <strong>hombres solos </strong>&mdash;independientemente de su situaci&oacute;n administrativa&mdash;<strong>fueron denegadas</strong> en el segundo semestre de 2025 por falta de plazas. <strong>Esta tasa asciende al 75% en el caso de las familias</strong>. </p><p>Entre agosto y mediados de noviembre de 2025,<strong> a 249 personas se les deneg&oacute; el acceso a la acogida</strong>, entre ellas familias, mujeres y hombres solos. <strong>Menos del 20 % de las personas con &quot;estatuto M&quot;</strong> (personas que gozan de un estatuto de protecci&oacute;n en otro Estado miembro de la UE) <strong>obtuvieron una plaza de acogida</strong> tras una evaluaci&oacute;n de su vulnerabilidad.</p><p>Como consecuencia directa de la reducci&oacute;n de la financiaci&oacute;n, algunos servicios se han visto obligados a reducir sus actividades, lo que concentra las solicitudes relacionadas con la salud en estructuras y plazas cada vez m&aacute;s reducidas.</p><p>Estas dificultades de acceso a la atenci&oacute;n sanitaria se traducen en un<strong> empeoramiento evitable del estado de salud y en un aumento del recurso a los servicios de urgencias</strong>. Las <strong>personas excluidas de la red de acogida</strong> tambi&eacute;n <strong>pierden el acceso estructurado a la atenci&oacute;n m&eacute;dica, psicol&oacute;gica y al acompa&ntilde;amiento socia</strong>l que suelen ofrecer los centros de acogida. </p><p>Desde el punto de vista m&eacute;dico, la acogida no constituye, por tanto, una simple medida social, sino un determinante fundamental de la salud, la dignidad y el funcionamiento humano.<strong><br>\u200b<br>\u200b</strong>Desde las modificaciones de la<strong> Ley de Acogida </strong>en 2025, un n&uacute;mero creciente de <strong>personas quedan excluidas del sistema de acogida</strong>. Se trata, en particular, de personas que gozan del denominado &ldquo;estatuto M&rdquo;, as&iacute; como de ciertas familias cuyos<strong> hijos presentan su propia solicitud de asilo.</strong></p><p>Aunque la ley prev&eacute; la evaluaci&oacute;n de las vulnerabilidades individuales, en la pr&aacute;ctica, el acceso a la acogida es cada vez m&aacute;s incierto.</p><p><strong>Las condiciones de vida dejan huella en la salud f&iacute;sica</strong></p><p>Los datos m&eacute;dicos y las observaciones sobre el terreno de M&eacute;dicos Sin Fronteras ponen de manifiesto una<strong> clara relaci&oacute;n entre las condiciones de vida y el estado de salud.</strong> En los servicios de salud humanitarios, el 12% de los diagn&oacute;sticos se refieren a enfermedades de la piel y el 8% a afecciones respiratorias. Las <strong>malas condiciones higi&eacute;nicas, la exposici&oacute;n al fr&iacute;o y a la humedad</strong>, as&iacute; como los lugares de residencia <strong>superpoblados </strong>o inestables, contribuyen directamente a la aparici&oacute;n de problemas de salud evitables.</p><p><strong>Derechos fundamentales no respetados </strong></p><p>Las <strong>personas </strong>que solicitan protecci&oacute;n internacional y se encuentran <strong>en la calle se ven privadas de servicios esenciales</strong>: alojamiento, alimentaci&oacute;n, atenci&oacute;n m&eacute;dica y psicol&oacute;gica, asistencia jur&iacute;dica. Estas necesidades son <strong>responsabilidad del Estado y de la Agencia Federal belga para la Acogida de Solicitantes de Asilo </strong>(Fedasil), que no pueden descargar su responsabilidad en las ONG. </p><p>Los <strong>tribunales han fallado </strong>repetidamente <strong>en contra del Estado y de la Agencia Federal </strong>para la Acogida de Solicitantes de Asilo (<strong>16.000 resoluciones judiciales</strong>), pero la aplicaci&oacute;n sigue siendo inconsistente, con instrucciones pol&iacute;ticas que en ocasiones contradec&iacute;an las decisiones judiciales.</p><p><strong>Numerosas instituciones</strong>, entre ellas el Consejo de Europa, ACNUR (la agencia de las Naciones Unidas para los refugiados), Myria (Centro Federal de Migraci&oacute;n) y el IFDH (Instituto Federal de Derechos Humanos), as&iacute; como los actores sobre el terreno, <strong>han planteado soluciones</strong>: respetar las resoluciones judiciales; garantizar una acogida digna a las personas solicitantes de asilo; aumentar de forma sostenible la capacidad de acogida con un presupuesto y medios suficientes; mantener los puentes hacia la ayuda social; poner en marcha un plan de distribuci&oacute;n de las personas que solicitan protecci&oacute;n internacional.</p><p><strong>Salud, dignidad, derechos indisociables</strong></p><p>Cuando el acceso a la acogida se restringe de forma sistem&aacute;tica, las <strong>consecuencias </strong>son visibles: <strong>interrupciones en la atenci&oacute;n sanitaria, agravamiento evitable de las patolog&iacute;as y aumento de las necesidades de salud mental</strong>.</p><p><strong>Este informe confirma</strong> lo que los actores humanitarios observan desde hace tiempo sobre el terreno: una <strong>pol&iacute;tica de acogida que excluye</strong> no genera soluciones, sino que <strong>agrava una crisis</strong> con graves <strong>consecuencias humanas y m&eacute;dicas</strong>. </p><p>Mientras exista una lista de espera, mientras haya personas durmiendo en la calle, mientras el Estado se niegue a ejecutar las resoluciones judiciales y a adoptar las medidas urgentes y estructurales que se imponen, <strong>B&eacute;lgica viola deliberadamente el derecho a la acogida</strong>. \u200b </p><p><strong>Esta pol&iacute;tica ilegal</strong>, en vigor desde finales de 2021, <strong>ha llegado a un punto de ruptura y debe cesar de inmediato</strong>.</p><div class=\"release-content-contact\" id=\"contact-b29eaadf-1b3c-4f1a-ba05-66ca4434fc1c\">\n    \n    <div class=\"release-content-contact__details\">\n        <strong class=\"release-content-contact__name\">Guillermo Algar</strong>\n        <em class=\"release-content-contact__description\">Press Officer, MSF Espa&ntilde;a</em>\n        <ul class=\"release-content-contact__details-list\"><li class=\"release-content-contact__details-list-item\"><a href=\"mailto:guillermo.algar@madrid.msf.org\"  class=\"release-content-contact__details-list-item-link\" title=\"guillermo.algar@madrid.msf.org\"><svg class=\"icon icon-paper-plane release-content-contact__details-list-item-icon\">\n                <use xlink:href=\"#icon-paper-plane\"></use>\n            </svg>guillermo.algar@madrid.msf.org</a></li>\n<li class=\"release-content-contact__details-list-item\"><a href=\"tel:+34 91 758 09 93\"  class=\"release-content-contact__details-list-item-link\" title=\"+34 91 758 09 93\"><svg class=\"icon icon-phone release-content-contact__details-list-item-icon\">\n                <use xlink:href=\"#icon-phone\"></use>\n            </svg>+34 91 758 09 93</a></li>\n<li class=\"release-content-contact__details-list-item\"><a href=\"tel:+34 646 017 307\"  class=\"release-content-contact__details-list-item-link\" title=\"+34 646 017 307\"><svg class=\"icon icon-mobile release-content-contact__details-list-item-icon\">\n                <use xlink:href=\"#icon-mobile\"></use>\n            </svg>+34 646 017 307</a></li>\n<li class=\"release-content-contact__details-list-item\"><a href=\"https://twitter.com/@MSF_Prensa\" target=\"_blank\" rel=\"noopener noreferrer\" class=\"release-content-contact__details-list-item-link\" title=\"@MSF_Prensa\"><svg class=\"icon icon-twitter release-content-contact__details-list-item-icon\">\n                <use xlink:href=\"#icon-twitter\"></use>\n            </svg>@MSF_Prensa</a></li>\n<li class=\"release-content-contact__details-list-item\"><a href=\"http://www.msf.es\" target=\"_blank\" rel=\"noopener noreferrer\" class=\"release-content-contact__details-list-item-link\" title=\"msf.es\"><svg class=\"icon icon-browser release-content-contact__details-list-item-icon\">\n                <use xlink:href=\"#icon-browser\"></use>\n            </svg>msf.es</a></li></ul>\n    </div>\n</div><p>&nbsp;</p>",
    "images": [
        {
            "caption": "",
            "original": "https://cdn.uc.assets.prezly.com/95e8977c-fdf0-45ec-847c-e2a971156e0e/",
            "medium": "https://cdn.uc.assets.prezly.com/95e8977c-fdf0-45ec-847c-e2a971156e0e/-/preview/500x500/-/format/auto/",
            "small": "https://cdn.uc.assets.prezly.com/95e8977c-fdf0-45ec-847c-e2a971156e0e/-/preview/200x200/-/format/auto/",
            "thumbnail": "https://cdn.uc.assets.prezly.com/95e8977c-fdf0-45ec-847c-e2a971156e0e/-/preview/100x100/-/format/auto/",
            "square": "https://cdn.uc.assets.prezly.com/95e8977c-fdf0-45ec-847c-e2a971156e0e/-/scale_crop/200x200/center/-/format/auto/",
            "squaresmall": "https://cdn.uc.assets.prezly.com/95e8977c-fdf0-45ec-847c-e2a971156e0e/-/scale_crop/58x58/center/-/format/auto/"
        }
    ],
    "contacts": [
        {
            "name": "Guillermo Algar",
            "company": "MSF Espa\u00f1a",
            "description": "Press Officer",
            "email": "guillermo.algar@madrid.msf.org",
            "website": "http://www.msf.es",
            "address": null,
            "telephone": "+34 91 758 09 93",
            "mobile": "+34 646 017 307",
            "twitter": "@MSF_Prensa",
            "facebook": null
        }
    ],
    "author": {
        "first_name": "Guillermo",
        "last_name": "Algar"
    },
    "format_version": 5
}